{"id":126289,"date":"2025-09-26T14:35:00","date_gmt":"2025-09-26T13:35:00","guid":{"rendered":"https:\/\/ferrerarquitectos.com\/una-mirada-academica-al-solar-de-correos-estudiantes-de-granada-visitan-almeria-acompanados-por-jose-angel-ferrer\/"},"modified":"2025-09-26T14:40:34","modified_gmt":"2025-09-26T13:40:34","slug":"una-mirada-academica-al-solar-de-correos-estudiantes-de-granada-visitan-almeria-acompanados-por-jose-angel-ferrer","status":"publish","type":"post","link":"https:\/\/ferrerarquitectos.com\/en\/una-mirada-academica-al-solar-de-correos-estudiantes-de-granada-visitan-almeria-acompanados-por-jose-angel-ferrer\/","title":{"rendered":"An Academic Look at the Correos Site: Students from Granada Visit Almer\u00eda Accompanied by Jos\u00e9 \u00c1ngel Ferrer"},"content":{"rendered":"<p>[et_pb_section fb_built=&#8221;1&#8243; admin_label=&#8221;section&#8221; _builder_version=&#8221;4.16&#8243; global_colors_info=&#8221;{}&#8221;][et_pb_row admin_label=&#8221;row&#8221; _builder_version=&#8221;4.16&#8243; background_size=&#8221;initial&#8221; background_position=&#8221;top_left&#8221; background_repeat=&#8221;repeat&#8221; global_colors_info=&#8221;{}&#8221;][et_pb_column type=&#8221;4_4&#8243; _builder_version=&#8221;4.16&#8243; custom_padding=&#8221;|||&#8221; global_colors_info=&#8221;{}&#8221; custom_padding__hover=&#8221;|||&#8221;][et_pb_text _builder_version=&#8221;4.27.4&#8243; _module_preset=&#8221;default&#8221; global_colors_info=&#8221;{}&#8221;]<\/p>\n<p><span data-contrast=\"auto\">A group of students from the Master\u2019s Degree in Architecture at the Higher Technical School of Granada visited Almer\u00eda to develop an academic project on the historic Correos site. The experience, led by architect and professor Alejandro Mu\u00f1oz Miranda, was carried out in collaboration with our director, Jos\u00e9 \u00c1ngel Ferrer. <\/span><span data-ccp-props=\"{\"134233117\":true,\"134233118\":true,\"201341983\":0,\"335559740\":240}\"> <\/span><\/p>\n<p><span data-contrast=\"auto\">During the day, Ferrer provided the students with a contextual overview of the city\u2019s history and this urban site, inviting them to reflect on its strategic value and its potential as a space for the future.<\/span><span data-ccp-props=\"{\"134233117\":true,\"134233118\":true,\"201341983\":0,\"335559740\":240}\"> <\/span><\/p>\n<p><span data-contrast=\"auto\">The tour also included a visit to the Cable Ingl\u00e9s, where they were able to learn first-hand about the restoration project in which Ferrer Arquitectos has participated. Although only the upper pedestrian walkway has been completed so far, the full project envisions recovering the interior volume for cultural, exhibition and hospitality uses \u2014 an example of how architecture can breathe new life into a unique heritage asset. <\/span><span data-ccp-props=\"{\"134233117\":true,\"134233118\":true,\"201341983\":0,\"335559740\":240}\"> <\/span><\/p>\n<p>[\/et_pb_text][et_pb_image src=&#8221;https:\/\/ferrerarquitectos.com\/wp-content\/uploads\/Publicacion-La-Voz-de-Almeria.jpg&#8221; title_text=&#8221;Visita UGR&#8221; _builder_version=&#8221;4.27.4&#8243; _module_preset=&#8221;default&#8221; global_colors_info=&#8221;{}&#8221;][\/et_pb_image][\/et_pb_column][\/et_pb_row][\/et_pb_section]<\/p>\n","protected":false},"excerpt":{"rendered":"<p>A group of students from the Master\u2019s Degree in Architecture at the Higher Technical School of Granada visited Almer\u00eda to develop an academic project on the historic Correos site. The experience, led by architect and professor Alejandro Mu\u00f1oz Miranda, was carried out in collaboration with our director, Jos\u00e9 \u00c1ngel Ferrer. During the day, Ferrer provided [&hellip;]<\/p>\n","protected":false},"author":2,"featured_media":126276,"comment_status":"closed","ping_status":"closed","sticky":false,"template":"","format":"standard","meta":{"_acf_changed":false,"_et_pb_use_builder":"on","_et_pb_old_content":"","_et_gb_content_width":"","footnotes":""},"categories":[78],"tags":[],"class_list":["post-126289","post","type-post","status-publish","format-standard","has-post-thumbnail","hentry","category-articles-and-conferences"],"acf":[],"yoast_head":"<!-- This site is optimized with the Yoast SEO plugin v27.5 - https:\/\/yoast.com\/product\/yoast-seo-wordpress\/ -->\n<title>An Academic Look at the Correos Site: Students from Granada Visit Almer\u00eda Accompanied by Jos\u00e9 \u00c1ngel Ferrer - Ferrer Arquitectos<\/title>\n<meta name=\"robots\" content=\"index, follow, max-snippet:-1, max-image-preview:large, max-video-preview:-1\" \/>\n<link rel=\"canonical\" href=\"https:\/\/ferrerarquitectos.com\/una-mirada-academica-al-solar-de-correos-estudiantes-de-granada-visitan-almeria-acompanados-por-jose-angel-ferrer\/\" \/>\n<meta property=\"og:locale\" content=\"en_US\" \/>\n<meta property=\"og:type\" content=\"article\" \/>\n<meta property=\"og:title\" content=\"An Academic Look at the Correos Site: Students from Granada Visit Almer\u00eda Accompanied by Jos\u00e9 \u00c1ngel Ferrer - Ferrer Arquitectos\" \/>\n<meta property=\"og:description\" content=\"A group of students from the Master\u2019s Degree in Architecture at the Higher Technical School of Granada visited Almer\u00eda to develop an academic project on the historic Correos site. The experience, led by architect and professor Alejandro Mu\u00f1oz Miranda, was carried out in collaboration with our director, Jos\u00e9 \u00c1ngel Ferrer. During the day, Ferrer provided [&hellip;]\" \/>\n<meta property=\"og:url\" content=\"https:\/\/ferrerarquitectos.com\/una-mirada-academica-al-solar-de-correos-estudiantes-de-granada-visitan-almeria-acompanados-por-jose-angel-ferrer\/\" \/>\n<meta property=\"og:site_name\" content=\"Ferrer Arquitectos\" \/>\n<meta property=\"article:published_time\" content=\"2025-09-26T13:35:00+00:00\" \/>\n<meta property=\"article:modified_time\" content=\"2025-09-26T13:40:34+00:00\" \/>\n<meta property=\"og:image\" content=\"https:\/\/ferrerarquitectos.com\/wp-content\/uploads\/Visita-alumnos-UGR-e1758893685987.jpg\" \/>\n\t<meta property=\"og:image:width\" content=\"2047\" \/>\n\t<meta property=\"og:image:height\" content=\"1536\" \/>\n\t<meta property=\"og:image:type\" content=\"image\/jpeg\" \/>\n<meta name=\"author\" content=\"Ferrer Arquitectos\" \/>\n<meta name=\"twitter:card\" content=\"summary_large_image\" \/>\n<meta name=\"twitter:label1\" content=\"Written by\" \/>\n\t<meta name=\"twitter:data1\" content=\"Ferrer Arquitectos\" \/>\n\t<meta name=\"twitter:label2\" content=\"Est. reading time\" \/>\n\t<meta name=\"twitter:data2\" content=\"1 minute\" \/>\n<script type=\"application\/ld+json\" class=\"yoast-schema-graph\">{\"@context\":\"https:\\\/\\\/schema.org\",\"@graph\":[{\"@type\":\"Article\",\"@id\":\"https:\\\/\\\/ferrerarquitectos.com\\\/una-mirada-academica-al-solar-de-correos-estudiantes-de-granada-visitan-almeria-acompanados-por-jose-angel-ferrer\\\/#article\",\"isPartOf\":{\"@id\":\"https:\\\/\\\/ferrerarquitectos.com\\\/una-mirada-academica-al-solar-de-correos-estudiantes-de-granada-visitan-almeria-acompanados-por-jose-angel-ferrer\\\/\"},\"author\":{\"name\":\"Ferrer Arquitectos\",\"@id\":\"https:\\\/\\\/ferrerarquitectos.com\\\/#\\\/schema\\\/person\\\/95f0cbcec6a522378babfc226b583123\"},\"headline\":\"An Academic Look at the Correos Site: Students from Granada Visit Almer\u00eda Accompanied by Jos\u00e9 \u00c1ngel Ferrer\",\"datePublished\":\"2025-09-26T13:35:00+00:00\",\"dateModified\":\"2025-09-26T13:40:34+00:00\",\"mainEntityOfPage\":{\"@id\":\"https:\\\/\\\/ferrerarquitectos.com\\\/una-mirada-academica-al-solar-de-correos-estudiantes-de-granada-visitan-almeria-acompanados-por-jose-angel-ferrer\\\/\"},\"wordCount\":272,\"publisher\":{\"@id\":\"https:\\\/\\\/ferrerarquitectos.com\\\/#organization\"},\"image\":{\"@id\":\"https:\\\/\\\/ferrerarquitectos.com\\\/una-mirada-academica-al-solar-de-correos-estudiantes-de-granada-visitan-almeria-acompanados-por-jose-angel-ferrer\\\/#primaryimage\"},\"thumbnailUrl\":\"https:\\\/\\\/ferrerarquitectos.com\\\/wp-content\\\/uploads\\\/Visita-alumnos-UGR-e1758893685987.jpg\",\"articleSection\":[\"Articles and Conferences\"],\"inLanguage\":\"en-US\"},{\"@type\":\"WebPage\",\"@id\":\"https:\\\/\\\/ferrerarquitectos.com\\\/una-mirada-academica-al-solar-de-correos-estudiantes-de-granada-visitan-almeria-acompanados-por-jose-angel-ferrer\\\/\",\"url\":\"https:\\\/\\\/ferrerarquitectos.com\\\/una-mirada-academica-al-solar-de-correos-estudiantes-de-granada-visitan-almeria-acompanados-por-jose-angel-ferrer\\\/\",\"name\":\"An Academic Look at the Correos Site: Students from Granada Visit Almer\u00eda Accompanied by Jos\u00e9 \u00c1ngel Ferrer - Ferrer Arquitectos\",\"isPartOf\":{\"@id\":\"https:\\\/\\\/ferrerarquitectos.com\\\/#website\"},\"primaryImageOfPage\":{\"@id\":\"https:\\\/\\\/ferrerarquitectos.com\\\/una-mirada-academica-al-solar-de-correos-estudiantes-de-granada-visitan-almeria-acompanados-por-jose-angel-ferrer\\\/#primaryimage\"},\"image\":{\"@id\":\"https:\\\/\\\/ferrerarquitectos.com\\\/una-mirada-academica-al-solar-de-correos-estudiantes-de-granada-visitan-almeria-acompanados-por-jose-angel-ferrer\\\/#primaryimage\"},\"thumbnailUrl\":\"https:\\\/\\\/ferrerarquitectos.com\\\/wp-content\\\/uploads\\\/Visita-alumnos-UGR-e1758893685987.jpg\",\"datePublished\":\"2025-09-26T13:35:00+00:00\",\"dateModified\":\"2025-09-26T13:40:34+00:00\",\"breadcrumb\":{\"@id\":\"https:\\\/\\\/ferrerarquitectos.com\\\/una-mirada-academica-al-solar-de-correos-estudiantes-de-granada-visitan-almeria-acompanados-por-jose-angel-ferrer\\\/#breadcrumb\"},\"inLanguage\":\"en-US\",\"potentialAction\":[{\"@type\":\"ReadAction\",\"target\":[\"https:\\\/\\\/ferrerarquitectos.com\\\/una-mirada-academica-al-solar-de-correos-estudiantes-de-granada-visitan-almeria-acompanados-por-jose-angel-ferrer\\\/\"]}]},{\"@type\":\"ImageObject\",\"inLanguage\":\"en-US\",\"@id\":\"https:\\\/\\\/ferrerarquitectos.com\\\/una-mirada-academica-al-solar-de-correos-estudiantes-de-granada-visitan-almeria-acompanados-por-jose-angel-ferrer\\\/#primaryimage\",\"url\":\"https:\\\/\\\/ferrerarquitectos.com\\\/wp-content\\\/uploads\\\/Visita-alumnos-UGR-e1758893685987.jpg\",\"contentUrl\":\"https:\\\/\\\/ferrerarquitectos.com\\\/wp-content\\\/uploads\\\/Visita-alumnos-UGR-e1758893685987.jpg\",\"width\":2047,\"height\":1536},{\"@type\":\"BreadcrumbList\",\"@id\":\"https:\\\/\\\/ferrerarquitectos.com\\\/una-mirada-academica-al-solar-de-correos-estudiantes-de-granada-visitan-almeria-acompanados-por-jose-angel-ferrer\\\/#breadcrumb\",\"itemListElement\":[{\"@type\":\"ListItem\",\"position\":1,\"name\":\"Portada\",\"item\":\"https:\\\/\\\/ferrerarquitectos.com\\\/\"},{\"@type\":\"ListItem\",\"position\":2,\"name\":\"An Academic Look at the Correos Site: Students from Granada Visit Almer\u00eda Accompanied by Jos\u00e9 \u00c1ngel Ferrer\"}]},{\"@type\":\"WebSite\",\"@id\":\"https:\\\/\\\/ferrerarquitectos.com\\\/#website\",\"url\":\"https:\\\/\\\/ferrerarquitectos.com\\\/\",\"name\":\"Ferrer Arquitectos\",\"description\":\"Bienvenidos a la p\u00e1gina web de Ferrer Arquitectos. M\u00e1s de 25 a\u00f1os haciendo arquitectura. Dise\u00f1o arquitect\u00f3nico basado en la luz y la sostenibilidad: Viviendas, Oficinas, Museos, Edificios singulares y m\u00e1s.\",\"publisher\":{\"@id\":\"https:\\\/\\\/ferrerarquitectos.com\\\/#organization\"},\"potentialAction\":[{\"@type\":\"SearchAction\",\"target\":{\"@type\":\"EntryPoint\",\"urlTemplate\":\"https:\\\/\\\/ferrerarquitectos.com\\\/?s={search_term_string}\"},\"query-input\":{\"@type\":\"PropertyValueSpecification\",\"valueRequired\":true,\"valueName\":\"search_term_string\"}}],\"inLanguage\":\"en-US\"},{\"@type\":\"Organization\",\"@id\":\"https:\\\/\\\/ferrerarquitectos.com\\\/#organization\",\"name\":\"Ferrer Arquitectos\",\"url\":\"https:\\\/\\\/ferrerarquitectos.com\\\/\",\"logo\":{\"@type\":\"ImageObject\",\"inLanguage\":\"en-US\",\"@id\":\"https:\\\/\\\/ferrerarquitectos.com\\\/#\\\/schema\\\/logo\\\/image\\\/\",\"url\":\"https:\\\/\\\/ferrerarquitectos.com\\\/wp-content\\\/uploads\\\/2015\\\/12\\\/favicon.png\",\"contentUrl\":\"https:\\\/\\\/ferrerarquitectos.com\\\/wp-content\\\/uploads\\\/2015\\\/12\\\/favicon.png\",\"width\":32,\"height\":32,\"caption\":\"Ferrer Arquitectos\"},\"image\":{\"@id\":\"https:\\\/\\\/ferrerarquitectos.com\\\/#\\\/schema\\\/logo\\\/image\\\/\"}},{\"@type\":\"Person\",\"@id\":\"https:\\\/\\\/ferrerarquitectos.com\\\/#\\\/schema\\\/person\\\/95f0cbcec6a522378babfc226b583123\",\"name\":\"Ferrer Arquitectos\"}]}<\/script>\n<!-- \/ Yoast SEO plugin. -->","yoast_head_json":{"title":"An Academic Look at the Correos Site: Students from Granada Visit Almer\u00eda Accompanied by Jos\u00e9 \u00c1ngel Ferrer - Ferrer Arquitectos","robots":{"index":"index","follow":"follow","max-snippet":"max-snippet:-1","max-image-preview":"max-image-preview:large","max-video-preview":"max-video-preview:-1"},"canonical":"https:\/\/ferrerarquitectos.com\/una-mirada-academica-al-solar-de-correos-estudiantes-de-granada-visitan-almeria-acompanados-por-jose-angel-ferrer\/","og_locale":"en_US","og_type":"article","og_title":"An Academic Look at the Correos Site: Students from Granada Visit Almer\u00eda Accompanied by Jos\u00e9 \u00c1ngel Ferrer - Ferrer Arquitectos","og_description":"A group of students from the Master\u2019s Degree in Architecture at the Higher Technical School of Granada visited Almer\u00eda to develop an academic project on the historic Correos site. The experience, led by architect and professor Alejandro Mu\u00f1oz Miranda, was carried out in collaboration with our director, Jos\u00e9 \u00c1ngel Ferrer. During the day, Ferrer provided [&hellip;]","og_url":"https:\/\/ferrerarquitectos.com\/una-mirada-academica-al-solar-de-correos-estudiantes-de-granada-visitan-almeria-acompanados-por-jose-angel-ferrer\/","og_site_name":"Ferrer Arquitectos","article_published_time":"2025-09-26T13:35:00+00:00","article_modified_time":"2025-09-26T13:40:34+00:00","og_image":[{"width":2047,"height":1536,"url":"https:\/\/ferrerarquitectos.com\/wp-content\/uploads\/Visita-alumnos-UGR-e1758893685987.jpg","type":"image\/jpeg"}],"author":"Ferrer Arquitectos","twitter_card":"summary_large_image","twitter_misc":{"Written by":"Ferrer Arquitectos","Est. reading time":"1 minute"},"schema":{"@context":"https:\/\/schema.org","@graph":[{"@type":"Article","@id":"https:\/\/ferrerarquitectos.com\/una-mirada-academica-al-solar-de-correos-estudiantes-de-granada-visitan-almeria-acompanados-por-jose-angel-ferrer\/#article","isPartOf":{"@id":"https:\/\/ferrerarquitectos.com\/una-mirada-academica-al-solar-de-correos-estudiantes-de-granada-visitan-almeria-acompanados-por-jose-angel-ferrer\/"},"author":{"name":"Ferrer Arquitectos","@id":"https:\/\/ferrerarquitectos.com\/#\/schema\/person\/95f0cbcec6a522378babfc226b583123"},"headline":"An Academic Look at the Correos Site: Students from Granada Visit Almer\u00eda Accompanied by Jos\u00e9 \u00c1ngel Ferrer","datePublished":"2025-09-26T13:35:00+00:00","dateModified":"2025-09-26T13:40:34+00:00","mainEntityOfPage":{"@id":"https:\/\/ferrerarquitectos.com\/una-mirada-academica-al-solar-de-correos-estudiantes-de-granada-visitan-almeria-acompanados-por-jose-angel-ferrer\/"},"wordCount":272,"publisher":{"@id":"https:\/\/ferrerarquitectos.com\/#organization"},"image":{"@id":"https:\/\/ferrerarquitectos.com\/una-mirada-academica-al-solar-de-correos-estudiantes-de-granada-visitan-almeria-acompanados-por-jose-angel-ferrer\/#primaryimage"},"thumbnailUrl":"https:\/\/ferrerarquitectos.com\/wp-content\/uploads\/Visita-alumnos-UGR-e1758893685987.jpg","articleSection":["Articles and Conferences"],"inLanguage":"en-US"},{"@type":"WebPage","@id":"https:\/\/ferrerarquitectos.com\/una-mirada-academica-al-solar-de-correos-estudiantes-de-granada-visitan-almeria-acompanados-por-jose-angel-ferrer\/","url":"https:\/\/ferrerarquitectos.com\/una-mirada-academica-al-solar-de-correos-estudiantes-de-granada-visitan-almeria-acompanados-por-jose-angel-ferrer\/","name":"An Academic Look at the Correos Site: Students from Granada Visit Almer\u00eda Accompanied by Jos\u00e9 \u00c1ngel Ferrer - Ferrer Arquitectos","isPartOf":{"@id":"https:\/\/ferrerarquitectos.com\/#website"},"primaryImageOfPage":{"@id":"https:\/\/ferrerarquitectos.com\/una-mirada-academica-al-solar-de-correos-estudiantes-de-granada-visitan-almeria-acompanados-por-jose-angel-ferrer\/#primaryimage"},"image":{"@id":"https:\/\/ferrerarquitectos.com\/una-mirada-academica-al-solar-de-correos-estudiantes-de-granada-visitan-almeria-acompanados-por-jose-angel-ferrer\/#primaryimage"},"thumbnailUrl":"https:\/\/ferrerarquitectos.com\/wp-content\/uploads\/Visita-alumnos-UGR-e1758893685987.jpg","datePublished":"2025-09-26T13:35:00+00:00","dateModified":"2025-09-26T13:40:34+00:00","breadcrumb":{"@id":"https:\/\/ferrerarquitectos.com\/una-mirada-academica-al-solar-de-correos-estudiantes-de-granada-visitan-almeria-acompanados-por-jose-angel-ferrer\/#breadcrumb"},"inLanguage":"en-US","potentialAction":[{"@type":"ReadAction","target":["https:\/\/ferrerarquitectos.com\/una-mirada-academica-al-solar-de-correos-estudiantes-de-granada-visitan-almeria-acompanados-por-jose-angel-ferrer\/"]}]},{"@type":"ImageObject","inLanguage":"en-US","@id":"https:\/\/ferrerarquitectos.com\/una-mirada-academica-al-solar-de-correos-estudiantes-de-granada-visitan-almeria-acompanados-por-jose-angel-ferrer\/#primaryimage","url":"https:\/\/ferrerarquitectos.com\/wp-content\/uploads\/Visita-alumnos-UGR-e1758893685987.jpg","contentUrl":"https:\/\/ferrerarquitectos.com\/wp-content\/uploads\/Visita-alumnos-UGR-e1758893685987.jpg","width":2047,"height":1536},{"@type":"BreadcrumbList","@id":"https:\/\/ferrerarquitectos.com\/una-mirada-academica-al-solar-de-correos-estudiantes-de-granada-visitan-almeria-acompanados-por-jose-angel-ferrer\/#breadcrumb","itemListElement":[{"@type":"ListItem","position":1,"name":"Portada","item":"https:\/\/ferrerarquitectos.com\/"},{"@type":"ListItem","position":2,"name":"An Academic Look at the Correos Site: Students from Granada Visit Almer\u00eda Accompanied by Jos\u00e9 \u00c1ngel Ferrer"}]},{"@type":"WebSite","@id":"https:\/\/ferrerarquitectos.com\/#website","url":"https:\/\/ferrerarquitectos.com\/","name":"Ferrer Arquitectos","description":"Bienvenidos a la p\u00e1gina web de Ferrer Arquitectos. M\u00e1s de 25 a\u00f1os haciendo arquitectura. Dise\u00f1o arquitect\u00f3nico basado en la luz y la sostenibilidad: Viviendas, Oficinas, Museos, Edificios singulares y m\u00e1s.","publisher":{"@id":"https:\/\/ferrerarquitectos.com\/#organization"},"potentialAction":[{"@type":"SearchAction","target":{"@type":"EntryPoint","urlTemplate":"https:\/\/ferrerarquitectos.com\/?s={search_term_string}"},"query-input":{"@type":"PropertyValueSpecification","valueRequired":true,"valueName":"search_term_string"}}],"inLanguage":"en-US"},{"@type":"Organization","@id":"https:\/\/ferrerarquitectos.com\/#organization","name":"Ferrer Arquitectos","url":"https:\/\/ferrerarquitectos.com\/","logo":{"@type":"ImageObject","inLanguage":"en-US","@id":"https:\/\/ferrerarquitectos.com\/#\/schema\/logo\/image\/","url":"https:\/\/ferrerarquitectos.com\/wp-content\/uploads\/2015\/12\/favicon.png","contentUrl":"https:\/\/ferrerarquitectos.com\/wp-content\/uploads\/2015\/12\/favicon.png","width":32,"height":32,"caption":"Ferrer Arquitectos"},"image":{"@id":"https:\/\/ferrerarquitectos.com\/#\/schema\/logo\/image\/"}},{"@type":"Person","@id":"https:\/\/ferrerarquitectos.com\/#\/schema\/person\/95f0cbcec6a522378babfc226b583123","name":"Ferrer Arquitectos"}]}},"meta_box":[],"_links":{"self":[{"href":"https:\/\/ferrerarquitectos.com\/en\/wp-json\/wp\/v2\/posts\/126289","targetHints":{"allow":["GET"]}}],"collection":[{"href":"https:\/\/ferrerarquitectos.com\/en\/wp-json\/wp\/v2\/posts"}],"about":[{"href":"https:\/\/ferrerarquitectos.com\/en\/wp-json\/wp\/v2\/types\/post"}],"author":[{"embeddable":true,"href":"https:\/\/ferrerarquitectos.com\/en\/wp-json\/wp\/v2\/users\/2"}],"replies":[{"embeddable":true,"href":"https:\/\/ferrerarquitectos.com\/en\/wp-json\/wp\/v2\/comments?post=126289"}],"version-history":[{"count":2,"href":"https:\/\/ferrerarquitectos.com\/en\/wp-json\/wp\/v2\/posts\/126289\/revisions"}],"predecessor-version":[{"id":126291,"href":"https:\/\/ferrerarquitectos.com\/en\/wp-json\/wp\/v2\/posts\/126289\/revisions\/126291"}],"wp:featuredmedia":[{"embeddable":true,"href":"https:\/\/ferrerarquitectos.com\/en\/wp-json\/wp\/v2\/media\/126276"}],"wp:attachment":[{"href":"https:\/\/ferrerarquitectos.com\/en\/wp-json\/wp\/v2\/media?parent=126289"}],"wp:term":[{"taxonomy":"category","embeddable":true,"href":"https:\/\/ferrerarquitectos.com\/en\/wp-json\/wp\/v2\/categories?post=126289"},{"taxonomy":"post_tag","embeddable":true,"href":"https:\/\/ferrerarquitectos.com\/en\/wp-json\/wp\/v2\/tags?post=126289"}],"curies":[{"name":"wp","href":"https:\/\/api.w.org\/{rel}","templated":true}]}}