{"id":125591,"date":"2010-03-30T23:10:51","date_gmt":"2010-03-30T22:10:51","guid":{"rendered":"https:\/\/ferrerarquitectos.com\/presentation-on-the-pita-at-the-1st-congress-of-bioclimatic-architecture-and-solar-cooling\/"},"modified":"2010-03-30T23:10:51","modified_gmt":"2010-03-30T22:10:51","slug":"presentation-on-the-pita-at-the-1st-congress-of-bioclimatic-architecture-and-solar-cooling","status":"publish","type":"post","link":"https:\/\/ferrerarquitectos.com\/en\/presentation-on-the-pita-at-the-1st-congress-of-bioclimatic-architecture-and-solar-cooling\/","title":{"rendered":"Presentation on the PITA at the 1st Congress of Bioclimatic Architecture and Solar Cooling."},"content":{"rendered":"<p>Jos\u00e9 \u00c1ngel Ferrer, speaker at the 1st Spanish Congress of Bioclimatic Architecture and Solar Cooling, where he presented the environmental and sustainability aspects of the PITA project. From March 23 to 26. <\/p>\n<p><a href=\"https:\/\/ferrerarquitectos.com\/project\/edificio-pita\/\">PITA Building Project<\/a><\/p>\n","protected":false},"excerpt":{"rendered":"<p>Jos\u00e9 \u00c1ngel Ferrer, speaker at the 1st Spanish Congress of Bioclimatic Architecture and Solar Cooling, where he presented the environmental and sustainability aspects of the PITA project. From March 23 to 26. PITA Building Project<\/p>\n","protected":false},"author":3,"featured_media":123608,"comment_status":"closed","ping_status":"closed","sticky":false,"template":"","format":"standard","meta":{"_acf_changed":false,"_et_pb_use_builder":"","_et_pb_old_content":"","_et_gb_content_width":"","footnotes":""},"categories":[78,79],"tags":[],"class_list":["post-125591","post","type-post","status-publish","format-standard","has-post-thumbnail","hentry","category-articles-and-conferences","category-talks"],"acf":[],"yoast_head":"<!-- This site is optimized with the Yoast SEO plugin v27.5 - https:\/\/yoast.com\/product\/yoast-seo-wordpress\/ -->\n<title>Presentation on the PITA at the 1st Congress of Bioclimatic Architecture and Solar Cooling. - Ferrer Arquitectos<\/title>\n<meta name=\"robots\" content=\"index, follow, max-snippet:-1, max-image-preview:large, max-video-preview:-1\" \/>\n<link rel=\"canonical\" href=\"https:\/\/ferrerarquitectos.com\/ponencia-sobre-el-pita-en-el-i-congreso-de-arquitectura-bioclimatica-y-frio-solar\/\" \/>\n<meta property=\"og:locale\" content=\"en_US\" \/>\n<meta property=\"og:type\" content=\"article\" \/>\n<meta property=\"og:title\" content=\"Presentation on the PITA at the 1st Congress of Bioclimatic Architecture and Solar Cooling. - Ferrer Arquitectos\" \/>\n<meta property=\"og:description\" content=\"Jos\u00e9 \u00c1ngel Ferrer, speaker at the 1st Spanish Congress of Bioclimatic Architecture and Solar Cooling, where he presented the environmental and sustainability aspects of the PITA project. From March 23 to 26. PITA Building Project\" \/>\n<meta property=\"og:url\" content=\"https:\/\/ferrerarquitectos.com\/ponencia-sobre-el-pita-en-el-i-congreso-de-arquitectura-bioclimatica-y-frio-solar\/\" \/>\n<meta property=\"og:site_name\" content=\"Ferrer Arquitectos\" \/>\n<meta property=\"article:published_time\" content=\"2010-03-30T22:10:51+00:00\" \/>\n<meta property=\"og:image\" content=\"https:\/\/ferrerarquitectos.com\/wp-content\/uploads\/pita-noticias.jpg\" \/>\n\t<meta property=\"og:image:width\" content=\"600\" \/>\n\t<meta property=\"og:image:height\" content=\"249\" \/>\n\t<meta property=\"og:image:type\" content=\"image\/jpeg\" \/>\n<meta name=\"author\" content=\"Rocio\" \/>\n<meta name=\"twitter:card\" content=\"summary_large_image\" \/>\n<meta name=\"twitter:label1\" content=\"Written by\" \/>\n\t<meta name=\"twitter:data1\" content=\"Rocio\" \/>\n<script type=\"application\/ld+json\" class=\"yoast-schema-graph\">{\"@context\":\"https:\\\/\\\/schema.org\",\"@graph\":[{\"@type\":\"Article\",\"@id\":\"https:\\\/\\\/ferrerarquitectos.com\\\/ponencia-sobre-el-pita-en-el-i-congreso-de-arquitectura-bioclimatica-y-frio-solar\\\/#article\",\"isPartOf\":{\"@id\":\"https:\\\/\\\/ferrerarquitectos.com\\\/ponencia-sobre-el-pita-en-el-i-congreso-de-arquitectura-bioclimatica-y-frio-solar\\\/\"},\"author\":{\"name\":\"Rocio\",\"@id\":\"https:\\\/\\\/ferrerarquitectos.com\\\/#\\\/schema\\\/person\\\/faed8659d892824c8483a600f5d841e1\"},\"headline\":\"Presentation on the PITA at the 1st Congress of Bioclimatic Architecture and Solar Cooling.\",\"datePublished\":\"2010-03-30T22:10:51+00:00\",\"mainEntityOfPage\":{\"@id\":\"https:\\\/\\\/ferrerarquitectos.com\\\/ponencia-sobre-el-pita-en-el-i-congreso-de-arquitectura-bioclimatica-y-frio-solar\\\/\"},\"wordCount\":47,\"publisher\":{\"@id\":\"https:\\\/\\\/ferrerarquitectos.com\\\/#organization\"},\"image\":{\"@id\":\"https:\\\/\\\/ferrerarquitectos.com\\\/ponencia-sobre-el-pita-en-el-i-congreso-de-arquitectura-bioclimatica-y-frio-solar\\\/#primaryimage\"},\"thumbnailUrl\":\"https:\\\/\\\/ferrerarquitectos.com\\\/wp-content\\\/uploads\\\/pita-noticias.jpg\",\"articleSection\":[\"Articles and Conferences\",\"Talks\"],\"inLanguage\":\"en-US\"},{\"@type\":\"WebPage\",\"@id\":\"https:\\\/\\\/ferrerarquitectos.com\\\/ponencia-sobre-el-pita-en-el-i-congreso-de-arquitectura-bioclimatica-y-frio-solar\\\/\",\"url\":\"https:\\\/\\\/ferrerarquitectos.com\\\/ponencia-sobre-el-pita-en-el-i-congreso-de-arquitectura-bioclimatica-y-frio-solar\\\/\",\"name\":\"Presentation on the PITA at the 1st Congress of Bioclimatic Architecture and Solar Cooling. - Ferrer Arquitectos\",\"isPartOf\":{\"@id\":\"https:\\\/\\\/ferrerarquitectos.com\\\/#website\"},\"primaryImageOfPage\":{\"@id\":\"https:\\\/\\\/ferrerarquitectos.com\\\/ponencia-sobre-el-pita-en-el-i-congreso-de-arquitectura-bioclimatica-y-frio-solar\\\/#primaryimage\"},\"image\":{\"@id\":\"https:\\\/\\\/ferrerarquitectos.com\\\/ponencia-sobre-el-pita-en-el-i-congreso-de-arquitectura-bioclimatica-y-frio-solar\\\/#primaryimage\"},\"thumbnailUrl\":\"https:\\\/\\\/ferrerarquitectos.com\\\/wp-content\\\/uploads\\\/pita-noticias.jpg\",\"datePublished\":\"2010-03-30T22:10:51+00:00\",\"breadcrumb\":{\"@id\":\"https:\\\/\\\/ferrerarquitectos.com\\\/ponencia-sobre-el-pita-en-el-i-congreso-de-arquitectura-bioclimatica-y-frio-solar\\\/#breadcrumb\"},\"inLanguage\":\"en-US\",\"potentialAction\":[{\"@type\":\"ReadAction\",\"target\":[\"https:\\\/\\\/ferrerarquitectos.com\\\/ponencia-sobre-el-pita-en-el-i-congreso-de-arquitectura-bioclimatica-y-frio-solar\\\/\"]}]},{\"@type\":\"ImageObject\",\"inLanguage\":\"en-US\",\"@id\":\"https:\\\/\\\/ferrerarquitectos.com\\\/ponencia-sobre-el-pita-en-el-i-congreso-de-arquitectura-bioclimatica-y-frio-solar\\\/#primaryimage\",\"url\":\"https:\\\/\\\/ferrerarquitectos.com\\\/wp-content\\\/uploads\\\/pita-noticias.jpg\",\"contentUrl\":\"https:\\\/\\\/ferrerarquitectos.com\\\/wp-content\\\/uploads\\\/pita-noticias.jpg\",\"width\":600,\"height\":249},{\"@type\":\"BreadcrumbList\",\"@id\":\"https:\\\/\\\/ferrerarquitectos.com\\\/ponencia-sobre-el-pita-en-el-i-congreso-de-arquitectura-bioclimatica-y-frio-solar\\\/#breadcrumb\",\"itemListElement\":[{\"@type\":\"ListItem\",\"position\":1,\"name\":\"Portada\",\"item\":\"https:\\\/\\\/ferrerarquitectos.com\\\/\"},{\"@type\":\"ListItem\",\"position\":2,\"name\":\"Presentation on the PITA at the 1st Congress of Bioclimatic Architecture and Solar Cooling.\"}]},{\"@type\":\"WebSite\",\"@id\":\"https:\\\/\\\/ferrerarquitectos.com\\\/#website\",\"url\":\"https:\\\/\\\/ferrerarquitectos.com\\\/\",\"name\":\"Ferrer Arquitectos\",\"description\":\"Bienvenidos a la p\u00e1gina web de Ferrer Arquitectos. M\u00e1s de 25 a\u00f1os haciendo arquitectura. Dise\u00f1o arquitect\u00f3nico basado en la luz y la sostenibilidad: Viviendas, Oficinas, Museos, Edificios singulares y m\u00e1s.\",\"publisher\":{\"@id\":\"https:\\\/\\\/ferrerarquitectos.com\\\/#organization\"},\"potentialAction\":[{\"@type\":\"SearchAction\",\"target\":{\"@type\":\"EntryPoint\",\"urlTemplate\":\"https:\\\/\\\/ferrerarquitectos.com\\\/?s={search_term_string}\"},\"query-input\":{\"@type\":\"PropertyValueSpecification\",\"valueRequired\":true,\"valueName\":\"search_term_string\"}}],\"inLanguage\":\"en-US\"},{\"@type\":\"Organization\",\"@id\":\"https:\\\/\\\/ferrerarquitectos.com\\\/#organization\",\"name\":\"Ferrer Arquitectos\",\"url\":\"https:\\\/\\\/ferrerarquitectos.com\\\/\",\"logo\":{\"@type\":\"ImageObject\",\"inLanguage\":\"en-US\",\"@id\":\"https:\\\/\\\/ferrerarquitectos.com\\\/#\\\/schema\\\/logo\\\/image\\\/\",\"url\":\"https:\\\/\\\/ferrerarquitectos.com\\\/wp-content\\\/uploads\\\/2015\\\/12\\\/favicon.png\",\"contentUrl\":\"https:\\\/\\\/ferrerarquitectos.com\\\/wp-content\\\/uploads\\\/2015\\\/12\\\/favicon.png\",\"width\":32,\"height\":32,\"caption\":\"Ferrer Arquitectos\"},\"image\":{\"@id\":\"https:\\\/\\\/ferrerarquitectos.com\\\/#\\\/schema\\\/logo\\\/image\\\/\"}},{\"@type\":\"Person\",\"@id\":\"https:\\\/\\\/ferrerarquitectos.com\\\/#\\\/schema\\\/person\\\/faed8659d892824c8483a600f5d841e1\",\"name\":\"Rocio\"}]}<\/script>\n<!-- \/ Yoast SEO plugin. -->","yoast_head_json":{"title":"Presentation on the PITA at the 1st Congress of Bioclimatic Architecture and Solar Cooling. - Ferrer Arquitectos","robots":{"index":"index","follow":"follow","max-snippet":"max-snippet:-1","max-image-preview":"max-image-preview:large","max-video-preview":"max-video-preview:-1"},"canonical":"https:\/\/ferrerarquitectos.com\/ponencia-sobre-el-pita-en-el-i-congreso-de-arquitectura-bioclimatica-y-frio-solar\/","og_locale":"en_US","og_type":"article","og_title":"Presentation on the PITA at the 1st Congress of Bioclimatic Architecture and Solar Cooling. - Ferrer Arquitectos","og_description":"Jos\u00e9 \u00c1ngel Ferrer, speaker at the 1st Spanish Congress of Bioclimatic Architecture and Solar Cooling, where he presented the environmental and sustainability aspects of the PITA project. From March 23 to 26. PITA Building Project","og_url":"https:\/\/ferrerarquitectos.com\/ponencia-sobre-el-pita-en-el-i-congreso-de-arquitectura-bioclimatica-y-frio-solar\/","og_site_name":"Ferrer Arquitectos","article_published_time":"2010-03-30T22:10:51+00:00","og_image":[{"width":600,"height":249,"url":"https:\/\/ferrerarquitectos.com\/wp-content\/uploads\/pita-noticias.jpg","type":"image\/jpeg"}],"author":"Rocio","twitter_card":"summary_large_image","twitter_misc":{"Written by":"Rocio"},"schema":{"@context":"https:\/\/schema.org","@graph":[{"@type":"Article","@id":"https:\/\/ferrerarquitectos.com\/ponencia-sobre-el-pita-en-el-i-congreso-de-arquitectura-bioclimatica-y-frio-solar\/#article","isPartOf":{"@id":"https:\/\/ferrerarquitectos.com\/ponencia-sobre-el-pita-en-el-i-congreso-de-arquitectura-bioclimatica-y-frio-solar\/"},"author":{"name":"Rocio","@id":"https:\/\/ferrerarquitectos.com\/#\/schema\/person\/faed8659d892824c8483a600f5d841e1"},"headline":"Presentation on the PITA at the 1st Congress of Bioclimatic Architecture and Solar Cooling.","datePublished":"2010-03-30T22:10:51+00:00","mainEntityOfPage":{"@id":"https:\/\/ferrerarquitectos.com\/ponencia-sobre-el-pita-en-el-i-congreso-de-arquitectura-bioclimatica-y-frio-solar\/"},"wordCount":47,"publisher":{"@id":"https:\/\/ferrerarquitectos.com\/#organization"},"image":{"@id":"https:\/\/ferrerarquitectos.com\/ponencia-sobre-el-pita-en-el-i-congreso-de-arquitectura-bioclimatica-y-frio-solar\/#primaryimage"},"thumbnailUrl":"https:\/\/ferrerarquitectos.com\/wp-content\/uploads\/pita-noticias.jpg","articleSection":["Articles and Conferences","Talks"],"inLanguage":"en-US"},{"@type":"WebPage","@id":"https:\/\/ferrerarquitectos.com\/ponencia-sobre-el-pita-en-el-i-congreso-de-arquitectura-bioclimatica-y-frio-solar\/","url":"https:\/\/ferrerarquitectos.com\/ponencia-sobre-el-pita-en-el-i-congreso-de-arquitectura-bioclimatica-y-frio-solar\/","name":"Presentation on the PITA at the 1st Congress of Bioclimatic Architecture and Solar Cooling. - Ferrer Arquitectos","isPartOf":{"@id":"https:\/\/ferrerarquitectos.com\/#website"},"primaryImageOfPage":{"@id":"https:\/\/ferrerarquitectos.com\/ponencia-sobre-el-pita-en-el-i-congreso-de-arquitectura-bioclimatica-y-frio-solar\/#primaryimage"},"image":{"@id":"https:\/\/ferrerarquitectos.com\/ponencia-sobre-el-pita-en-el-i-congreso-de-arquitectura-bioclimatica-y-frio-solar\/#primaryimage"},"thumbnailUrl":"https:\/\/ferrerarquitectos.com\/wp-content\/uploads\/pita-noticias.jpg","datePublished":"2010-03-30T22:10:51+00:00","breadcrumb":{"@id":"https:\/\/ferrerarquitectos.com\/ponencia-sobre-el-pita-en-el-i-congreso-de-arquitectura-bioclimatica-y-frio-solar\/#breadcrumb"},"inLanguage":"en-US","potentialAction":[{"@type":"ReadAction","target":["https:\/\/ferrerarquitectos.com\/ponencia-sobre-el-pita-en-el-i-congreso-de-arquitectura-bioclimatica-y-frio-solar\/"]}]},{"@type":"ImageObject","inLanguage":"en-US","@id":"https:\/\/ferrerarquitectos.com\/ponencia-sobre-el-pita-en-el-i-congreso-de-arquitectura-bioclimatica-y-frio-solar\/#primaryimage","url":"https:\/\/ferrerarquitectos.com\/wp-content\/uploads\/pita-noticias.jpg","contentUrl":"https:\/\/ferrerarquitectos.com\/wp-content\/uploads\/pita-noticias.jpg","width":600,"height":249},{"@type":"BreadcrumbList","@id":"https:\/\/ferrerarquitectos.com\/ponencia-sobre-el-pita-en-el-i-congreso-de-arquitectura-bioclimatica-y-frio-solar\/#breadcrumb","itemListElement":[{"@type":"ListItem","position":1,"name":"Portada","item":"https:\/\/ferrerarquitectos.com\/"},{"@type":"ListItem","position":2,"name":"Presentation on the PITA at the 1st Congress of Bioclimatic Architecture and Solar Cooling."}]},{"@type":"WebSite","@id":"https:\/\/ferrerarquitectos.com\/#website","url":"https:\/\/ferrerarquitectos.com\/","name":"Ferrer Arquitectos","description":"Bienvenidos a la p\u00e1gina web de Ferrer Arquitectos. M\u00e1s de 25 a\u00f1os haciendo arquitectura. Dise\u00f1o arquitect\u00f3nico basado en la luz y la sostenibilidad: Viviendas, Oficinas, Museos, Edificios singulares y m\u00e1s.","publisher":{"@id":"https:\/\/ferrerarquitectos.com\/#organization"},"potentialAction":[{"@type":"SearchAction","target":{"@type":"EntryPoint","urlTemplate":"https:\/\/ferrerarquitectos.com\/?s={search_term_string}"},"query-input":{"@type":"PropertyValueSpecification","valueRequired":true,"valueName":"search_term_string"}}],"inLanguage":"en-US"},{"@type":"Organization","@id":"https:\/\/ferrerarquitectos.com\/#organization","name":"Ferrer Arquitectos","url":"https:\/\/ferrerarquitectos.com\/","logo":{"@type":"ImageObject","inLanguage":"en-US","@id":"https:\/\/ferrerarquitectos.com\/#\/schema\/logo\/image\/","url":"https:\/\/ferrerarquitectos.com\/wp-content\/uploads\/2015\/12\/favicon.png","contentUrl":"https:\/\/ferrerarquitectos.com\/wp-content\/uploads\/2015\/12\/favicon.png","width":32,"height":32,"caption":"Ferrer Arquitectos"},"image":{"@id":"https:\/\/ferrerarquitectos.com\/#\/schema\/logo\/image\/"}},{"@type":"Person","@id":"https:\/\/ferrerarquitectos.com\/#\/schema\/person\/faed8659d892824c8483a600f5d841e1","name":"Rocio"}]}},"meta_box":[],"_links":{"self":[{"href":"https:\/\/ferrerarquitectos.com\/en\/wp-json\/wp\/v2\/posts\/125591","targetHints":{"allow":["GET"]}}],"collection":[{"href":"https:\/\/ferrerarquitectos.com\/en\/wp-json\/wp\/v2\/posts"}],"about":[{"href":"https:\/\/ferrerarquitectos.com\/en\/wp-json\/wp\/v2\/types\/post"}],"author":[{"embeddable":true,"href":"https:\/\/ferrerarquitectos.com\/en\/wp-json\/wp\/v2\/users\/3"}],"replies":[{"embeddable":true,"href":"https:\/\/ferrerarquitectos.com\/en\/wp-json\/wp\/v2\/comments?post=125591"}],"version-history":[{"count":0,"href":"https:\/\/ferrerarquitectos.com\/en\/wp-json\/wp\/v2\/posts\/125591\/revisions"}],"wp:featuredmedia":[{"embeddable":true,"href":"https:\/\/ferrerarquitectos.com\/en\/wp-json\/wp\/v2\/media\/123608"}],"wp:attachment":[{"href":"https:\/\/ferrerarquitectos.com\/en\/wp-json\/wp\/v2\/media?parent=125591"}],"wp:term":[{"taxonomy":"category","embeddable":true,"href":"https:\/\/ferrerarquitectos.com\/en\/wp-json\/wp\/v2\/categories?post=125591"},{"taxonomy":"post_tag","embeddable":true,"href":"https:\/\/ferrerarquitectos.com\/en\/wp-json\/wp\/v2\/tags?post=125591"}],"curies":[{"name":"wp","href":"https:\/\/api.w.org\/{rel}","templated":true}]}}