{"id":125556,"date":"2024-02-19T17:49:39","date_gmt":"2024-02-19T16:49:39","guid":{"rendered":"https:\/\/ferrerarquitectos.com\/technical-assistance-for-the-construction-of-the-ave-station-and-the-almeria-underground-railway\/"},"modified":"2025-09-26T14:04:41","modified_gmt":"2025-09-26T13:04:41","slug":"asistencia-tecnica-soterramiento-ave","status":"publish","type":"post","link":"https:\/\/ferrerarquitectos.com\/en\/asistencia-tecnica-soterramiento-ave\/","title":{"rendered":"Technical Assistance for the Construction of the AVE Station and the Almer\u00eda Underground Railway"},"content":{"rendered":"<p>[et_pb_section fb_built=&#8221;1&#8243; admin_label=&#8221;section&#8221; _builder_version=&#8221;4.27.4&#8243; collapsed=&#8221;off&#8221; global_colors_info=&#8221;{}&#8221;][et_pb_row admin_label=&#8221;row&#8221; _builder_version=&#8221;4.16&#8243; background_size=&#8221;initial&#8221; background_position=&#8221;top_left&#8221; background_repeat=&#8221;repeat&#8221; global_colors_info=&#8221;{}&#8221;][et_pb_column type=&#8221;4_4&#8243; _builder_version=&#8221;4.16&#8243; custom_padding=&#8221;|||&#8221; global_colors_info=&#8221;{}&#8221; custom_padding__hover=&#8221;|||&#8221;][et_pb_text _builder_version=&#8221;4.24.0&#8243; _module_preset=&#8221;default&#8221; global_colors_info=&#8221;{}&#8221;]<\/p>\n<p>Ferrer Arquitectos, in a temporary joint venture with Urci, Saproinco, and Eis-Gu\u00eda, will provide technical assistance for the construction of the new AVE station in Almer\u00eda and the undergrounding of the access tracks. The works, awarded to SACYR for 165 million euros, began at the end of last November and are scheduled for completion in 2026. <\/p>\n<p>[\/et_pb_text][et_pb_slider _builder_version=&#8221;4.27.4&#8243; _module_preset=&#8221;default&#8221; global_colors_info=&#8221;{}&#8221;][et_pb_slide _builder_version=&#8221;4.27.4&#8243; _module_preset=&#8221;default&#8221; background_image=&#8221;https:\/\/ferrerarquitectos.com\/wp-content\/uploads\/IMG_1123-scaled.jpg&#8221; background_enable_image=&#8221;on&#8221; global_colors_info=&#8221;{}&#8221; sticky_transition=&#8221;on&#8221;][\/et_pb_slide][\/et_pb_slider][\/et_pb_column][\/et_pb_row][\/et_pb_section]<\/p>\n","protected":false},"excerpt":{"rendered":"<p>Ferrer Arquitectos, in a temporary joint venture with Urci, Saproinco, and Eis-Gu\u00eda, will provide technical assistance for the construction of the new AVE station in Almer\u00eda and the undergrounding of the access tracks. The works, awarded to SACYR for 165 million euros, began at the end of last November and are scheduled for completion in [&hellip;]<\/p>\n","protected":false},"author":2,"featured_media":126216,"comment_status":"closed","ping_status":"closed","sticky":false,"template":"","format":"standard","meta":{"_acf_changed":false,"_et_pb_use_builder":"on","_et_pb_old_content":"","_et_gb_content_width":"","footnotes":""},"categories":[78],"tags":[],"class_list":["post-125556","post","type-post","status-publish","format-standard","has-post-thumbnail","hentry","category-articles-and-conferences"],"acf":[],"yoast_head":"<!-- This site is optimized with the Yoast SEO plugin v27.5 - https:\/\/yoast.com\/product\/yoast-seo-wordpress\/ -->\n<title>Technical Assistance for the Construction of the AVE Station and the Almer\u00eda Underground Railway - Ferrer Arquitectos<\/title>\n<meta name=\"robots\" content=\"index, follow, max-snippet:-1, max-image-preview:large, max-video-preview:-1\" \/>\n<link rel=\"canonical\" href=\"https:\/\/ferrerarquitectos.com\/en\/technical-assistance-for-the-construction-of-the-ave-station-and-the-almeria-underground-railway\/\" \/>\n<meta property=\"og:locale\" content=\"en_US\" \/>\n<meta property=\"og:type\" content=\"article\" \/>\n<meta property=\"og:title\" content=\"Technical Assistance for the Construction of the AVE Station and the Almer\u00eda Underground Railway - Ferrer Arquitectos\" \/>\n<meta property=\"og:description\" content=\"Ferrer Arquitectos, in a temporary joint venture with Urci, Saproinco, and Eis-Gu\u00eda, will provide technical assistance for the construction of the new AVE station in Almer\u00eda and the undergrounding of the access tracks. The works, awarded to SACYR for 165 million euros, began at the end of last November and are scheduled for completion in [&hellip;]\" \/>\n<meta property=\"og:url\" content=\"https:\/\/ferrerarquitectos.com\/en\/technical-assistance-for-the-construction-of-the-ave-station-and-the-almeria-underground-railway\/\" \/>\n<meta property=\"og:site_name\" content=\"Ferrer Arquitectos\" \/>\n<meta property=\"article:published_time\" content=\"2024-02-19T16:49:39+00:00\" \/>\n<meta property=\"article:modified_time\" content=\"2025-09-26T13:04:41+00:00\" \/>\n<meta property=\"og:image\" content=\"https:\/\/ferrerarquitectos.com\/wp-content\/uploads\/sot.jpg\" \/>\n\t<meta property=\"og:image:width\" content=\"767\" \/>\n\t<meta property=\"og:image:height\" content=\"284\" \/>\n\t<meta property=\"og:image:type\" content=\"image\/jpeg\" \/>\n<meta name=\"author\" content=\"Ferrer Arquitectos\" \/>\n<meta name=\"twitter:card\" content=\"summary_large_image\" \/>\n<meta name=\"twitter:label1\" content=\"Written by\" \/>\n\t<meta name=\"twitter:data1\" content=\"Ferrer Arquitectos\" \/>\n\t<meta name=\"twitter:label2\" content=\"Est. reading time\" \/>\n\t<meta name=\"twitter:data2\" content=\"1 minute\" \/>\n<script type=\"application\/ld+json\" class=\"yoast-schema-graph\">{\"@context\":\"https:\\\/\\\/schema.org\",\"@graph\":[{\"@type\":\"Article\",\"@id\":\"https:\\\/\\\/ferrerarquitectos.com\\\/en\\\/technical-assistance-for-the-construction-of-the-ave-station-and-the-almeria-underground-railway\\\/#article\",\"isPartOf\":{\"@id\":\"https:\\\/\\\/ferrerarquitectos.com\\\/en\\\/technical-assistance-for-the-construction-of-the-ave-station-and-the-almeria-underground-railway\\\/\"},\"author\":{\"name\":\"Ferrer Arquitectos\",\"@id\":\"https:\\\/\\\/ferrerarquitectos.com\\\/#\\\/schema\\\/person\\\/95f0cbcec6a522378babfc226b583123\"},\"headline\":\"Technical Assistance for the Construction of the AVE Station and the Almer\u00eda Underground Railway\",\"datePublished\":\"2024-02-19T16:49:39+00:00\",\"dateModified\":\"2025-09-26T13:04:41+00:00\",\"mainEntityOfPage\":{\"@id\":\"https:\\\/\\\/ferrerarquitectos.com\\\/en\\\/technical-assistance-for-the-construction-of-the-ave-station-and-the-almeria-underground-railway\\\/\"},\"wordCount\":189,\"publisher\":{\"@id\":\"https:\\\/\\\/ferrerarquitectos.com\\\/#organization\"},\"image\":{\"@id\":\"https:\\\/\\\/ferrerarquitectos.com\\\/en\\\/technical-assistance-for-the-construction-of-the-ave-station-and-the-almeria-underground-railway\\\/#primaryimage\"},\"thumbnailUrl\":\"https:\\\/\\\/ferrerarquitectos.com\\\/wp-content\\\/uploads\\\/IMG_1088-scaled-e1758891864768.jpg\",\"articleSection\":[\"Articles and Conferences\"],\"inLanguage\":\"en-US\"},{\"@type\":\"WebPage\",\"@id\":\"https:\\\/\\\/ferrerarquitectos.com\\\/en\\\/technical-assistance-for-the-construction-of-the-ave-station-and-the-almeria-underground-railway\\\/\",\"url\":\"https:\\\/\\\/ferrerarquitectos.com\\\/en\\\/technical-assistance-for-the-construction-of-the-ave-station-and-the-almeria-underground-railway\\\/\",\"name\":\"Technical Assistance for the Construction of the AVE Station and the Almer\u00eda Underground Railway - Ferrer Arquitectos\",\"isPartOf\":{\"@id\":\"https:\\\/\\\/ferrerarquitectos.com\\\/#website\"},\"primaryImageOfPage\":{\"@id\":\"https:\\\/\\\/ferrerarquitectos.com\\\/en\\\/technical-assistance-for-the-construction-of-the-ave-station-and-the-almeria-underground-railway\\\/#primaryimage\"},\"image\":{\"@id\":\"https:\\\/\\\/ferrerarquitectos.com\\\/en\\\/technical-assistance-for-the-construction-of-the-ave-station-and-the-almeria-underground-railway\\\/#primaryimage\"},\"thumbnailUrl\":\"https:\\\/\\\/ferrerarquitectos.com\\\/wp-content\\\/uploads\\\/IMG_1088-scaled-e1758891864768.jpg\",\"datePublished\":\"2024-02-19T16:49:39+00:00\",\"dateModified\":\"2025-09-26T13:04:41+00:00\",\"breadcrumb\":{\"@id\":\"https:\\\/\\\/ferrerarquitectos.com\\\/en\\\/technical-assistance-for-the-construction-of-the-ave-station-and-the-almeria-underground-railway\\\/#breadcrumb\"},\"inLanguage\":\"en-US\",\"potentialAction\":[{\"@type\":\"ReadAction\",\"target\":[\"https:\\\/\\\/ferrerarquitectos.com\\\/en\\\/technical-assistance-for-the-construction-of-the-ave-station-and-the-almeria-underground-railway\\\/\"]}]},{\"@type\":\"ImageObject\",\"inLanguage\":\"en-US\",\"@id\":\"https:\\\/\\\/ferrerarquitectos.com\\\/en\\\/technical-assistance-for-the-construction-of-the-ave-station-and-the-almeria-underground-railway\\\/#primaryimage\",\"url\":\"https:\\\/\\\/ferrerarquitectos.com\\\/wp-content\\\/uploads\\\/IMG_1088-scaled-e1758891864768.jpg\",\"contentUrl\":\"https:\\\/\\\/ferrerarquitectos.com\\\/wp-content\\\/uploads\\\/IMG_1088-scaled-e1758891864768.jpg\",\"width\":2560,\"height\":1920},{\"@type\":\"BreadcrumbList\",\"@id\":\"https:\\\/\\\/ferrerarquitectos.com\\\/en\\\/technical-assistance-for-the-construction-of-the-ave-station-and-the-almeria-underground-railway\\\/#breadcrumb\",\"itemListElement\":[{\"@type\":\"ListItem\",\"position\":1,\"name\":\"Portada\",\"item\":\"https:\\\/\\\/ferrerarquitectos.com\\\/\"},{\"@type\":\"ListItem\",\"position\":2,\"name\":\"Technical Assistance for the Construction of the AVE Station and the Almer\u00eda Underground Railway\"}]},{\"@type\":\"WebSite\",\"@id\":\"https:\\\/\\\/ferrerarquitectos.com\\\/#website\",\"url\":\"https:\\\/\\\/ferrerarquitectos.com\\\/\",\"name\":\"Ferrer Arquitectos\",\"description\":\"Bienvenidos a la p\u00e1gina web de Ferrer Arquitectos. M\u00e1s de 25 a\u00f1os haciendo arquitectura. Dise\u00f1o arquitect\u00f3nico basado en la luz y la sostenibilidad: Viviendas, Oficinas, Museos, Edificios singulares y m\u00e1s.\",\"publisher\":{\"@id\":\"https:\\\/\\\/ferrerarquitectos.com\\\/#organization\"},\"potentialAction\":[{\"@type\":\"SearchAction\",\"target\":{\"@type\":\"EntryPoint\",\"urlTemplate\":\"https:\\\/\\\/ferrerarquitectos.com\\\/?s={search_term_string}\"},\"query-input\":{\"@type\":\"PropertyValueSpecification\",\"valueRequired\":true,\"valueName\":\"search_term_string\"}}],\"inLanguage\":\"en-US\"},{\"@type\":\"Organization\",\"@id\":\"https:\\\/\\\/ferrerarquitectos.com\\\/#organization\",\"name\":\"Ferrer Arquitectos\",\"url\":\"https:\\\/\\\/ferrerarquitectos.com\\\/\",\"logo\":{\"@type\":\"ImageObject\",\"inLanguage\":\"en-US\",\"@id\":\"https:\\\/\\\/ferrerarquitectos.com\\\/#\\\/schema\\\/logo\\\/image\\\/\",\"url\":\"https:\\\/\\\/ferrerarquitectos.com\\\/wp-content\\\/uploads\\\/2015\\\/12\\\/favicon.png\",\"contentUrl\":\"https:\\\/\\\/ferrerarquitectos.com\\\/wp-content\\\/uploads\\\/2015\\\/12\\\/favicon.png\",\"width\":32,\"height\":32,\"caption\":\"Ferrer Arquitectos\"},\"image\":{\"@id\":\"https:\\\/\\\/ferrerarquitectos.com\\\/#\\\/schema\\\/logo\\\/image\\\/\"}},{\"@type\":\"Person\",\"@id\":\"https:\\\/\\\/ferrerarquitectos.com\\\/#\\\/schema\\\/person\\\/95f0cbcec6a522378babfc226b583123\",\"name\":\"Ferrer Arquitectos\"}]}<\/script>\n<!-- \/ Yoast SEO plugin. -->","yoast_head_json":{"title":"Technical Assistance for the Construction of the AVE Station and the Almer\u00eda Underground Railway - Ferrer Arquitectos","robots":{"index":"index","follow":"follow","max-snippet":"max-snippet:-1","max-image-preview":"max-image-preview:large","max-video-preview":"max-video-preview:-1"},"canonical":"https:\/\/ferrerarquitectos.com\/en\/technical-assistance-for-the-construction-of-the-ave-station-and-the-almeria-underground-railway\/","og_locale":"en_US","og_type":"article","og_title":"Technical Assistance for the Construction of the AVE Station and the Almer\u00eda Underground Railway - Ferrer Arquitectos","og_description":"Ferrer Arquitectos, in a temporary joint venture with Urci, Saproinco, and Eis-Gu\u00eda, will provide technical assistance for the construction of the new AVE station in Almer\u00eda and the undergrounding of the access tracks. The works, awarded to SACYR for 165 million euros, began at the end of last November and are scheduled for completion in [&hellip;]","og_url":"https:\/\/ferrerarquitectos.com\/en\/technical-assistance-for-the-construction-of-the-ave-station-and-the-almeria-underground-railway\/","og_site_name":"Ferrer Arquitectos","article_published_time":"2024-02-19T16:49:39+00:00","article_modified_time":"2025-09-26T13:04:41+00:00","og_image":[{"width":767,"height":284,"url":"https:\/\/ferrerarquitectos.com\/wp-content\/uploads\/sot.jpg","type":"image\/jpeg"}],"author":"Ferrer Arquitectos","twitter_card":"summary_large_image","twitter_misc":{"Written by":"Ferrer Arquitectos","Est. reading time":"1 minute"},"schema":{"@context":"https:\/\/schema.org","@graph":[{"@type":"Article","@id":"https:\/\/ferrerarquitectos.com\/en\/technical-assistance-for-the-construction-of-the-ave-station-and-the-almeria-underground-railway\/#article","isPartOf":{"@id":"https:\/\/ferrerarquitectos.com\/en\/technical-assistance-for-the-construction-of-the-ave-station-and-the-almeria-underground-railway\/"},"author":{"name":"Ferrer Arquitectos","@id":"https:\/\/ferrerarquitectos.com\/#\/schema\/person\/95f0cbcec6a522378babfc226b583123"},"headline":"Technical Assistance for the Construction of the AVE Station and the Almer\u00eda Underground Railway","datePublished":"2024-02-19T16:49:39+00:00","dateModified":"2025-09-26T13:04:41+00:00","mainEntityOfPage":{"@id":"https:\/\/ferrerarquitectos.com\/en\/technical-assistance-for-the-construction-of-the-ave-station-and-the-almeria-underground-railway\/"},"wordCount":189,"publisher":{"@id":"https:\/\/ferrerarquitectos.com\/#organization"},"image":{"@id":"https:\/\/ferrerarquitectos.com\/en\/technical-assistance-for-the-construction-of-the-ave-station-and-the-almeria-underground-railway\/#primaryimage"},"thumbnailUrl":"https:\/\/ferrerarquitectos.com\/wp-content\/uploads\/IMG_1088-scaled-e1758891864768.jpg","articleSection":["Articles and Conferences"],"inLanguage":"en-US"},{"@type":"WebPage","@id":"https:\/\/ferrerarquitectos.com\/en\/technical-assistance-for-the-construction-of-the-ave-station-and-the-almeria-underground-railway\/","url":"https:\/\/ferrerarquitectos.com\/en\/technical-assistance-for-the-construction-of-the-ave-station-and-the-almeria-underground-railway\/","name":"Technical Assistance for the Construction of the AVE Station and the Almer\u00eda Underground Railway - Ferrer Arquitectos","isPartOf":{"@id":"https:\/\/ferrerarquitectos.com\/#website"},"primaryImageOfPage":{"@id":"https:\/\/ferrerarquitectos.com\/en\/technical-assistance-for-the-construction-of-the-ave-station-and-the-almeria-underground-railway\/#primaryimage"},"image":{"@id":"https:\/\/ferrerarquitectos.com\/en\/technical-assistance-for-the-construction-of-the-ave-station-and-the-almeria-underground-railway\/#primaryimage"},"thumbnailUrl":"https:\/\/ferrerarquitectos.com\/wp-content\/uploads\/IMG_1088-scaled-e1758891864768.jpg","datePublished":"2024-02-19T16:49:39+00:00","dateModified":"2025-09-26T13:04:41+00:00","breadcrumb":{"@id":"https:\/\/ferrerarquitectos.com\/en\/technical-assistance-for-the-construction-of-the-ave-station-and-the-almeria-underground-railway\/#breadcrumb"},"inLanguage":"en-US","potentialAction":[{"@type":"ReadAction","target":["https:\/\/ferrerarquitectos.com\/en\/technical-assistance-for-the-construction-of-the-ave-station-and-the-almeria-underground-railway\/"]}]},{"@type":"ImageObject","inLanguage":"en-US","@id":"https:\/\/ferrerarquitectos.com\/en\/technical-assistance-for-the-construction-of-the-ave-station-and-the-almeria-underground-railway\/#primaryimage","url":"https:\/\/ferrerarquitectos.com\/wp-content\/uploads\/IMG_1088-scaled-e1758891864768.jpg","contentUrl":"https:\/\/ferrerarquitectos.com\/wp-content\/uploads\/IMG_1088-scaled-e1758891864768.jpg","width":2560,"height":1920},{"@type":"BreadcrumbList","@id":"https:\/\/ferrerarquitectos.com\/en\/technical-assistance-for-the-construction-of-the-ave-station-and-the-almeria-underground-railway\/#breadcrumb","itemListElement":[{"@type":"ListItem","position":1,"name":"Portada","item":"https:\/\/ferrerarquitectos.com\/"},{"@type":"ListItem","position":2,"name":"Technical Assistance for the Construction of the AVE Station and the Almer\u00eda Underground Railway"}]},{"@type":"WebSite","@id":"https:\/\/ferrerarquitectos.com\/#website","url":"https:\/\/ferrerarquitectos.com\/","name":"Ferrer Arquitectos","description":"Bienvenidos a la p\u00e1gina web de Ferrer Arquitectos. M\u00e1s de 25 a\u00f1os haciendo arquitectura. Dise\u00f1o arquitect\u00f3nico basado en la luz y la sostenibilidad: Viviendas, Oficinas, Museos, Edificios singulares y m\u00e1s.","publisher":{"@id":"https:\/\/ferrerarquitectos.com\/#organization"},"potentialAction":[{"@type":"SearchAction","target":{"@type":"EntryPoint","urlTemplate":"https:\/\/ferrerarquitectos.com\/?s={search_term_string}"},"query-input":{"@type":"PropertyValueSpecification","valueRequired":true,"valueName":"search_term_string"}}],"inLanguage":"en-US"},{"@type":"Organization","@id":"https:\/\/ferrerarquitectos.com\/#organization","name":"Ferrer Arquitectos","url":"https:\/\/ferrerarquitectos.com\/","logo":{"@type":"ImageObject","inLanguage":"en-US","@id":"https:\/\/ferrerarquitectos.com\/#\/schema\/logo\/image\/","url":"https:\/\/ferrerarquitectos.com\/wp-content\/uploads\/2015\/12\/favicon.png","contentUrl":"https:\/\/ferrerarquitectos.com\/wp-content\/uploads\/2015\/12\/favicon.png","width":32,"height":32,"caption":"Ferrer Arquitectos"},"image":{"@id":"https:\/\/ferrerarquitectos.com\/#\/schema\/logo\/image\/"}},{"@type":"Person","@id":"https:\/\/ferrerarquitectos.com\/#\/schema\/person\/95f0cbcec6a522378babfc226b583123","name":"Ferrer Arquitectos"}]}},"meta_box":[],"_links":{"self":[{"href":"https:\/\/ferrerarquitectos.com\/en\/wp-json\/wp\/v2\/posts\/125556","targetHints":{"allow":["GET"]}}],"collection":[{"href":"https:\/\/ferrerarquitectos.com\/en\/wp-json\/wp\/v2\/posts"}],"about":[{"href":"https:\/\/ferrerarquitectos.com\/en\/wp-json\/wp\/v2\/types\/post"}],"author":[{"embeddable":true,"href":"https:\/\/ferrerarquitectos.com\/en\/wp-json\/wp\/v2\/users\/2"}],"replies":[{"embeddable":true,"href":"https:\/\/ferrerarquitectos.com\/en\/wp-json\/wp\/v2\/comments?post=125556"}],"version-history":[{"count":23,"href":"https:\/\/ferrerarquitectos.com\/en\/wp-json\/wp\/v2\/posts\/125556\/revisions"}],"predecessor-version":[{"id":126246,"href":"https:\/\/ferrerarquitectos.com\/en\/wp-json\/wp\/v2\/posts\/125556\/revisions\/126246"}],"wp:featuredmedia":[{"embeddable":true,"href":"https:\/\/ferrerarquitectos.com\/en\/wp-json\/wp\/v2\/media\/126216"}],"wp:attachment":[{"href":"https:\/\/ferrerarquitectos.com\/en\/wp-json\/wp\/v2\/media?parent=125556"}],"wp:term":[{"taxonomy":"category","embeddable":true,"href":"https:\/\/ferrerarquitectos.com\/en\/wp-json\/wp\/v2\/categories?post=125556"},{"taxonomy":"post_tag","embeddable":true,"href":"https:\/\/ferrerarquitectos.com\/en\/wp-json\/wp\/v2\/tags?post=125556"}],"curies":[{"name":"wp","href":"https:\/\/api.w.org\/{rel}","templated":true}]}}